{"id":10261,"date":"2013-08-17T18:31:39","date_gmt":"2013-08-17T21:31:39","guid":{"rendered":"http:\/\/nandabalieiro.com.br\/blog\/?p=10261"},"modified":"2013-08-17T18:31:39","modified_gmt":"2013-08-17T21:31:39","slug":"cheiros","status":"publish","type":"post","link":"https:\/\/nandabalieiro.com.br\/blog\/2013\/08\/cheiros\/","title":{"rendered":"Cheiros"},"content":{"rendered":"<p style=\"text-align: justify;\">Eu sou uma pessoa que adora perfumes. Tenho alguns que s\u00e3o meus eternos queridinhos (CH, 212 sexy e jadore). J\u00e1 tive uma fase que s\u00f3 usava o Gabriela Sabatini. Depois, o myriad do Botic\u00e1rio. E uma fase beeem mais antiga que s\u00f3 usava o revelar da natura (hoje n\u00e3o consigo nem sentir o cheiro rs). D\u00e1 pra perceber que sou uma pessoa &#8220;doce&#8221;rs.<\/p>\n<p style=\"text-align: justify;\">\u00a0 \u00a0 \u00a0 \u00a0 \u00a0 \u00a0 \u00a0 \u00a0 \u00a0 \u00a0 \u00a0 \u00a0 \u00a0 \u00a0 \u00a0 \u00a0<a href=\"https:\/\/nandabalieiro.com.br\/blog\/2013\/08\/17\/cheiros\/untitled\/\" rel=\"attachment wp-att-10265\"><img decoding=\"async\" class=\"size-thumbnail wp-image-10265\" alt=\"untitled\" src=\"https:\/\/nandabalieiro.com.br\/blog\/wp-content\/uploads\/untitled-150x150.jpg\" width=\"150\" height=\"150\" \/><\/a><a href=\"https:\/\/nandabalieiro.com.br\/blog\/2013\/08\/17\/cheiros\/carolina-herrera-212-sexy-woman\/\" rel=\"attachment wp-att-10264\"><img decoding=\"async\" class=\"size-thumbnail wp-image-10264\" alt=\"carolina-herrera-212-sexy-woman\" src=\"https:\/\/nandabalieiro.com.br\/blog\/wp-content\/uploads\/carolina-herrera-212-sexy-woman-150x150.jpg\" width=\"150\" height=\"150\" \/><\/a>\u00a0<a href=\"https:\/\/nandabalieiro.com.br\/blog\/2013\/08\/17\/cheiros\/1536220_1372159474_image1\/\" rel=\"attachment wp-att-10263\"><img decoding=\"async\" class=\"size-thumbnail wp-image-10263\" alt=\"1536220_1372159474_image1\" src=\"https:\/\/nandabalieiro.com.br\/blog\/wp-content\/uploads\/1536220_1372159474_image1-150x150.jpg\" width=\"150\" height=\"150\" \/><\/a><\/p>\n<p style=\"text-align: justify;\">O perfume, ou os cheiros, para mim, me lembram pessoas, momentos. Um cheiro consegue me levar de volta pra um lugar, ou lembrar exatamente o que eu estava fazendo.<\/p>\n<p style=\"text-align: justify;\">Por exemplo, em maio, quando viajamos para Portugal, eu n\u00e3o levei nenhum perfume. Decidi que compraria um perfume por l\u00e1 mesmo. Logo no primeiro dia comprei o Miss Dior que eu tanto queria, e s\u00f3 usei ele l\u00e1. Hoje, quando eu uso esse perfume, minha mente volta imediatamente para l\u00e1. \u00a0Lembro dos lugares, dos detalhes. \u00c9 impressionante.<\/p>\n<p style=\"text-align: justify;\">Ou quando eu sinto o cheiro do Hugo Boss. Ano passado, na disney, Bruno e um amigo nosso usaram esse perfume l\u00e1. Batata. \u00c9 s\u00f3 sentir esse cheiro que eu lembro do quarto do hotel, dos brinquedos, dos lugares.<\/p>\n<p><img decoding=\"async\" class=\"aligncenter size-medium wp-image-10266\" alt=\"mau-cheiro\" src=\"https:\/\/nandabalieiro.com.br\/blog\/wp-content\/uploads\/mau-cheiro-300x137.jpg\" width=\"300\" height=\"137\" \/><\/p>\n<p style=\"text-align: justify;\">Tem uns exemplos meios tosco tamb\u00e9m: quando eu sinto cheiro de halls de morango, lembro de um ex namorado que fumava e chupava esse halls. Meu est\u00f4mago at\u00e9 embrulha ahahha. Quando sinto cheiro de beb\u00ea, perfuminho de beb\u00ea, lembro das filhas de uma amiga minha que hoje n\u00e3o tenho mais contato. Lembro da casa dela, da pizza que um dia comemos na mesinha pequena da casa dela. Quando eu sinto cheio de erva doce, lembro da minha m\u00e3e. Teve uma \u00e9poca, em casa, que ela s\u00f3 comprava sabonete de erva doce da natura. Hoje, no meu banheiro, o sabonete l\u00edquido da pia \u00e9 esse.<\/p>\n<p style=\"text-align: justify;\">\n<p style=\"text-align: justify;\">Ou quando eu sinto cheiro de vanilla, lembro de outra amiga que ADORA esse cheiro, da Vit\u00f3ria Secrets. E as vezes, quando as minhas meninas v\u00e3o tomar banho e passam um perfume de vanilla, eu sempre lembro dela. Quando eu sinto cheiro de cigarro, ou alguma ervinha a mais (meu vizinho que o diga), lembro das baladinhas de rock&#8217;n roll que eu ia antigamente. O cheiro no ar era exatamente esse, sempre rs E eu lembro das bandas que tocavam, das m\u00fasicas, das pessoas.<\/p>\n<p style=\"text-align: justify;\">Eu poderia dar v\u00e1rios outros exemplos aqui. As vezes, n\u00e3o lembro o nome da pessoa, de onde eu conhe\u00e7o, mas minha mem\u00f3ria olfativa \u00e9 boa pra caramba. E voc\u00ea, relaciona os cheiros com as coisas, os momentos? Que cheiro te lembra o que?<\/p>\n","protected":false},"excerpt":{"rendered":"<p>Eu sou uma pessoa que adora perfumes. Tenho alguns que s\u00e3o meus eternos queridinhos (CH, 212 sexy e jadore). J\u00e1 tive uma fase que s\u00f3 usava o Gabriela Sabatini. Depois, o myriad do Botic\u00e1rio. E uma fase beeem mais antiga&#8230;<\/p>\n","protected":false},"author":4,"featured_media":0,"comment_status":"open","ping_status":"open","sticky":false,"template":"","format":"standard","meta":[],"categories":[143],"tags":[],"_links":{"self":[{"href":"https:\/\/nandabalieiro.com.br\/blog\/wp-json\/wp\/v2\/posts\/10261"}],"collection":[{"href":"https:\/\/nandabalieiro.com.br\/blog\/wp-json\/wp\/v2\/posts"}],"about":[{"href":"https:\/\/nandabalieiro.com.br\/blog\/wp-json\/wp\/v2\/types\/post"}],"author":[{"embeddable":true,"href":"https:\/\/nandabalieiro.com.br\/blog\/wp-json\/wp\/v2\/users\/4"}],"replies":[{"embeddable":true,"href":"https:\/\/nandabalieiro.com.br\/blog\/wp-json\/wp\/v2\/comments?post=10261"}],"version-history":[{"count":1,"href":"https:\/\/nandabalieiro.com.br\/blog\/wp-json\/wp\/v2\/posts\/10261\/revisions"}],"predecessor-version":[{"id":10267,"href":"https:\/\/nandabalieiro.com.br\/blog\/wp-json\/wp\/v2\/posts\/10261\/revisions\/10267"}],"wp:attachment":[{"href":"https:\/\/nandabalieiro.com.br\/blog\/wp-json\/wp\/v2\/media?parent=10261"}],"wp:term":[{"taxonomy":"category","embeddable":true,"href":"https:\/\/nandabalieiro.com.br\/blog\/wp-json\/wp\/v2\/categories?post=10261"},{"taxonomy":"post_tag","embeddable":true,"href":"https:\/\/nandabalieiro.com.br\/blog\/wp-json\/wp\/v2\/tags?post=10261"}],"curies":[{"name":"wp","href":"https:\/\/api.w.org\/{rel}","templated":true}]}}