{"id":10450,"date":"2014-04-21T12:26:20","date_gmt":"2014-04-21T15:26:20","guid":{"rendered":"http:\/\/nandabalieiro.com.br\/blog\/?p=10450"},"modified":"2015-04-08T12:39:41","modified_gmt":"2015-04-08T12:39:41","slug":"perfect-bucket-list","status":"publish","type":"post","link":"https:\/\/nandabalieiro.com.br\/blog\/2014\/04\/perfect-bucket-list\/","title":{"rendered":"Perfect Bucket List"},"content":{"rendered":"<p style=\"text-align: justify;\">Vi no blog da Rita, o <a href=\"http:\/\/www.botoezinhos.com\" target=\"_blank\">Botoezinhos<\/a>,\u00a0um post meio antiguinho que falava de Perfect Bucket List. Como ela mesmo explicou,\u00a0\u00e9 uma\u00a0lista de todos os desejos que voc\u00ea gostaria de realizar antes de morrer. E da\u00ed que algum g\u00eanio da internet inventou imagens que simbolizam esses desejos. Fui correndo pesquisar no <a href=\"http:\/\/www.pinterest.com\/nandabalieiro\/perfect-bucket-list\/\" target=\"_blank\">pinterest<\/a> e achei v\u00e1rias imagens que estariam na minha pr\u00f3pria Perfect Bucket List.<\/p>\n<p style=\"text-align: justify;\">Minha lista de desejos para realizar antes de morrer n\u00e3o \u00e9 grande n\u00e3o, confesso que ela j\u00e1 foi muito maior. Aqui embaixo, os meus desejos j\u00e1 realizados:<\/p>\n<p style=\"text-align: center;\"><img decoding=\"async\" class=\"aligncenter size-full wp-image-10451\" src=\"https:\/\/nandabalieiro.com.br\/blog\/wp-content\/uploads\/b9d0b3de6219cb5d49ac48ffb82e8655.jpg\" alt=\"b9d0b3de6219cb5d49ac48ffb82e8655\" width=\"192\" height=\"122\" \/><\/p>\n<p style=\"text-align: justify;\"><strong>\u221a<\/strong> &#8211; Claro que eu n\u00e3o vivo numa casona dessas dai da foto, mas eu vivo no meu apartamento dos sonhos, do jeitinho que eu queria. E\u00a0outro apartamento ainda melhor vem por a\u00ed. Mais que ticado esse item.<\/p>\n<p style=\"text-align: center;\"><img decoding=\"async\" class=\"aligncenter size-large wp-image-10457\" src=\"https:\/\/nandabalieiro.com.br\/blog\/wp-content\/uploads\/935c23db741391e070f28682d4e2d4c5.jpg\" alt=\"935c23db741391e070f28682d4e2d4c5\" width=\"192\" height=\"122\" \/><\/p>\n<p style=\"text-align: justify;\"><strong>\u221a<\/strong> &#8211; Check duplamente feliz. A maioria dos meus desejos est\u00e3o relacionados com viagens. Desde que fiz minha primeira viagem para fora do pa\u00eds em 2011, tenho uma lista enorme de lugares que eu sonho em conhecer. Mas esse lugar tinha um cantinho especial no meu cora\u00e7\u00e3o e depois de visit\u00e1-lo ocupa um espa\u00e7o ainda maior. Pra quem n\u00e3o sabe, foi l\u00e1 que o <a href=\"https:\/\/nandabalieiro.com.br\/blog\/2011\/06\/07\/o-noivado\/\" target=\"_blank\">Bruno me pediu em casamento<\/a>.&lt;3<\/p>\n<p style=\"text-align: center;\"><img decoding=\"async\" class=\"aligncenter size-full wp-image-10453\" src=\"https:\/\/nandabalieiro.com.br\/blog\/wp-content\/uploads\/c97e80d0d06fad42500dee3e9bb6f880.jpg\" alt=\"c97e80d0d06fad42500dee3e9bb6f880\" width=\"192\" height=\"122\" \/><\/p>\n<p style=\"text-align: justify;\"><strong>\u221a<\/strong> &#8211; J\u00e1 falei ali em cima, n\u00e9? <a href=\"https:\/\/nandabalieiro.com.br\/blog\/2011\/06\/07\/o-noivado\/\" target=\"_blank\">Fui pedida em casamento no lago de Versailles.<\/a><\/p>\n<p style=\"text-align: center;\"><img decoding=\"async\" class=\"aligncenter size-full wp-image-10456\" src=\"https:\/\/nandabalieiro.com.br\/blog\/wp-content\/uploads\/86fcd7b67f39e202b30526eb4fe1083f.jpg\" alt=\"86fcd7b67f39e202b30526eb4fe1083f\" width=\"192\" height=\"122\" \/><\/p>\n<p style=\"text-align: justify;\"><strong>\u221a<\/strong> &#8211; Um desejo que sempre existiu em mim: ter um pug. E n\u00e3o \u00e9 que eu tenho duas p\u00e3gas mais lindas, uma de cada cor, uma mais querida que a outra. Ter um pug \u00e9 uma das sensa\u00e7\u00f5es mais deliciosas do mundo. Eles s\u00e3o amorosos, carinhosos, companheiros. N\u00e3o brigam nunca, s\u00e3o d\u00f3ceis com crian\u00e7as, um pouco ciumentos rs mas faz parte, n\u00e9? Amo minhas meninas.<\/p>\n<p style=\"text-align: center;\"><img decoding=\"async\" class=\"aligncenter size-full wp-image-10452\" src=\"https:\/\/nandabalieiro.com.br\/blog\/wp-content\/uploads\/c21b38f1c9153b81bd928cfabd988cf0.jpg\" alt=\"c21b38f1c9153b81bd928cfabd988cf0\" width=\"192\" height=\"122\" \/><\/p>\n<p style=\"text-align: justify;\"><strong>\u221a<\/strong> &#8211; Outro desejo que sempre existiu em mim desde que me apaixonei por fotografia (acho que desde sempre, n\u00e9). Minha nikita d80 me acompanha h\u00e1 dois anos (antes tive uma c\u00e2mera da fuji semi profissional e depois um nikon d40). Elas registraram os \u00faltimos 10 anos da minha vida lindamente e eu n\u00e3o\u00a0as abandono por nada nessa vida. rs. Tenho planos de fazer um upgrade, mas antes disso que fazer um curso para aproveit\u00e1-la ainda mais. Nada de profissionalismo n\u00e3o, s\u00f3 quero registrar de maneiras\u00a0ainda mais lindas os momentos da minha vida. E uma boa c\u00e2mera ajuda muito nisso.<\/p>\n<p style=\"text-align: center;\"><img decoding=\"async\" class=\"aligncenter size-full wp-image-10465\" src=\"https:\/\/nandabalieiro.com.br\/blog\/wp-content\/uploads\/e9c18bfce369249e95639650f2d942b8.jpg\" alt=\"e9c18bfce369249e95639650f2d942b8\" width=\"192\" height=\"122\" \/><\/p>\n<p style=\"text-align: justify;\"><strong>\u221a<\/strong> &#8211; Engra\u00e7ado um item como esse em uma bucket\u00a0list, n\u00e9? Mas \u00e9 realmente emocionante alimentar uma girafa e eu j\u00e1 fiz isso (em 2012, no Buch Gardens, Tampa &#8211; Florida, Kilimanjaro Safari). \u00c9 engra\u00e7ado, empolgante, lindo. Ver a natureza t\u00e3o de perto, passar a m\u00e3o naquele pesco\u00e7o duro e ao mesmo tempo t\u00e3o perfeito. \u00c9 demais.<\/p>\n<p style=\"text-align: justify;\">E o que mais eu quero fazer antes de morrer? Hoje, nesse momento, os itens abaixo est\u00e3o na minha lista (porque amanh\u00e3 sempre pode mudar n\u00e9):<\/p>\n<p style=\"text-align: center;\"><img decoding=\"async\" class=\"aligncenter size-large wp-image-10461\" src=\"https:\/\/nandabalieiro.com.br\/blog\/wp-content\/uploads\/9403e0d0d46846f228ca3a5b871e611c.jpg\" alt=\"9403e0d0d46846f228ca3a5b871e611c\" width=\"192\" height=\"122\" \/><\/p>\n<p style=\"text-align: center;\"><img decoding=\"async\" class=\"aligncenter size-full wp-image-10463\" src=\"https:\/\/nandabalieiro.com.br\/blog\/wp-content\/uploads\/c0c002dafb9cdf1ef636e6d173e52144.jpg\" alt=\"c0c002dafb9cdf1ef636e6d173e52144\" width=\"192\" height=\"122\" \/><\/p>\n<p style=\"text-align: justify;\">Existem muitos lugares nesse mund\u00e3o afora que eu sonho em conhecer. Mas se eu tivesse que escolher um destino para a pr\u00f3xima viagem, seria ou Londres ou Calif\u00f3rnia.<\/p>\n<p style=\"text-align: center;\"><img decoding=\"async\" class=\"aligncenter size-full wp-image-10459\" src=\"https:\/\/nandabalieiro.com.br\/blog\/wp-content\/uploads\/983ffaa05c98fd70ef85c80c786ff3f6.jpg\" alt=\"983ffaa05c98fd70ef85c80c786ff3f6\" width=\"192\" height=\"122\" \/><\/p>\n<p style=\"text-align: justify;\">Eu sempre quis fazer uma tattoo, mas nada muito grande ou escandaloso. Uma frase, um s\u00edmbolo, algo pequeno mas que tenha um significado grande, sabe? Ainda n\u00e3o sei o que fazer, mas quando eu descobrir n\u00e3o vou hesitar.<\/p>\n<p style=\"text-align: center;\"><img decoding=\"async\" class=\"aligncenter size-full wp-image-10464\" src=\"https:\/\/nandabalieiro.com.br\/blog\/wp-content\/uploads\/53804b7b355d37d2a6b5759434e2450d.jpg\" alt=\"53804b7b355d37d2a6b5759434e2450d\" width=\"192\" height=\"122\" \/><\/p>\n<p style=\"text-align: justify;\">Tenho muita vontade de correr, e correr pelo menos cinco quil\u00f4metros. Ando muito empolgada com a quest\u00e3o de exerc\u00edcios f\u00edsicos e qualidade de vida, recentemente refiz alguns exames que melhoraram bastante depois que eu perdi peso e voltei a praticar atividade f\u00edsica.. Estou conseguindo atingir meus objetivos, estou com o menor peso desde os \u00faltimos sei l\u00e1 quantos anos e continuo com o personal. Tenho melhorado semanalmente meu f\u00f4lego e minha disposi\u00e7\u00e3o. Faltam poucos kilos para o\u00a0objetivo que meu personal me passou l\u00e1 atr\u00e1s e pretendo continuar al\u00e9m disso, e no final das contas conseguir correr os cinco quil\u00f4metros. Vou voltar aqui pra contar que consegui. rs<\/p>\n<p style=\"text-align: justify;\">Tenho outras coisas, mas essas foram a que encontrei e me deu vontade de compartilhar. E voc\u00eas, tem uma bucket list para realizar? J\u00e1 est\u00e3o trabalhando para conseguir?<\/p>\n","protected":false},"excerpt":{"rendered":"<p>Vi no blog da Rita, o Botoezinhos,\u00a0um post meio antiguinho que falava de Perfect Bucket List. Como ela mesmo explicou,\u00a0\u00e9 uma\u00a0lista de todos os desejos que voc\u00ea gostaria de realizar antes de morrer. E da\u00ed que algum g\u00eanio da internet&#8230;<\/p>\n","protected":false},"author":1,"featured_media":10643,"comment_status":"open","ping_status":"open","sticky":false,"template":"","format":"standard","meta":[],"categories":[195],"tags":[67],"_links":{"self":[{"href":"https:\/\/nandabalieiro.com.br\/blog\/wp-json\/wp\/v2\/posts\/10450"}],"collection":[{"href":"https:\/\/nandabalieiro.com.br\/blog\/wp-json\/wp\/v2\/posts"}],"about":[{"href":"https:\/\/nandabalieiro.com.br\/blog\/wp-json\/wp\/v2\/types\/post"}],"author":[{"embeddable":true,"href":"https:\/\/nandabalieiro.com.br\/blog\/wp-json\/wp\/v2\/users\/1"}],"replies":[{"embeddable":true,"href":"https:\/\/nandabalieiro.com.br\/blog\/wp-json\/wp\/v2\/comments?post=10450"}],"version-history":[{"count":2,"href":"https:\/\/nandabalieiro.com.br\/blog\/wp-json\/wp\/v2\/posts\/10450\/revisions"}],"predecessor-version":[{"id":11967,"href":"https:\/\/nandabalieiro.com.br\/blog\/wp-json\/wp\/v2\/posts\/10450\/revisions\/11967"}],"wp:featuredmedia":[{"embeddable":true,"href":"https:\/\/nandabalieiro.com.br\/blog\/wp-json\/wp\/v2\/media\/10643"}],"wp:attachment":[{"href":"https:\/\/nandabalieiro.com.br\/blog\/wp-json\/wp\/v2\/media?parent=10450"}],"wp:term":[{"taxonomy":"category","embeddable":true,"href":"https:\/\/nandabalieiro.com.br\/blog\/wp-json\/wp\/v2\/categories?post=10450"},{"taxonomy":"post_tag","embeddable":true,"href":"https:\/\/nandabalieiro.com.br\/blog\/wp-json\/wp\/v2\/tags?post=10450"}],"curies":[{"name":"wp","href":"https:\/\/api.w.org\/{rel}","templated":true}]}}