{"id":12237,"date":"2015-07-04T11:48:08","date_gmt":"2015-07-04T11:48:08","guid":{"rendered":"http:\/\/nandabalieiro.com.br\/blog\/?p=12237"},"modified":"2015-07-04T11:53:54","modified_gmt":"2015-07-04T11:53:54","slug":"com-dois-meses","status":"publish","type":"post","link":"https:\/\/nandabalieiro.com.br\/blog\/2015\/07\/com-dois-meses\/","title":{"rendered":"Com dois meses"},"content":{"rendered":"<p><a href=\"https:\/\/nandabalieiro.com.br\/blog\/wp-content\/uploads\/2015\/07\/IMG_4187.jpg\"><img decoding=\"async\" src=\"https:\/\/nandabalieiro.com.br\/blog\/wp-content\/uploads\/2015\/07\/IMG_4187.jpg\" alt=\"\"><\/a>&nbsp;Clarice completou dois meses no \u00faltimo dia 20. Minha boneca deixou de ser um nenezinho que s\u00f3 mamava e dormia pra se transformar numa beb\u00ea risonha. Agora ela fica mais tempo acordada. No auge dos seus dois meses ela ri muito. J\u00e1 acorda sorrindo. Adora m\u00fasicas, em especial os CDs da galinha pintadinha. Come\u00e7ou cedo n\u00e9? Rs&nbsp;<\/p>\n<p>Ela d\u00e1 gritinhos, responde com v\u00e1rios barulhinhos quando a gente fala com ela. Fala &#8220;ai, angu, \u00e9, m\u00e9&#8221;. Segura seu paninho com as m\u00e3ozinhas e tenta levar toda hora pra boca. Por falar em boca, descobriu a maozinha e quer ficar chupando toda hora rs E descobriu tamb\u00e9m meu cabelo rs pega, segura firme.&nbsp;<\/p>\n<p>Ela dorme bastante, pra alegria da mam\u00e3e. Acorda pra mamar uma ou duas vezes por noite, mas volta a dormir rapidinho. &nbsp;<a href=\"https:\/\/nandabalieiro.com.br\/blog\/wp-content\/uploads\/2015\/07\/IMG_4234.jpg\"><img decoding=\"async\" src=\"https:\/\/nandabalieiro.com.br\/blog\/wp-content\/uploads\/2015\/07\/IMG_4234.jpg\" alt=\"\"><\/a>&nbsp;Ela tomou as tem\u00edveis vacinas dos dois meses e teve um pouco de rea\u00e7\u00e3o. Nada muito grave, mas a mam\u00e3e morreu de d\u00f3. Foi a primeira vez que vi ela chorar sentida de dorzinha. Ela s\u00f3 queria o colinho da mam\u00e3e. Que coisa louca essa de ter uma pessoinha completamente dependente de voc\u00ea, n\u00e9?&nbsp;<\/p>\n<p>Agora j\u00e1 vamos passear um pouco na rua. Fomos no shopping semana passada e ela se comportou lindamente. Dormiu, mamou, prestou aten\u00e7\u00e3o a sua volta. At\u00e9 ganhou um presentinho da mam\u00e3e e do papai rs um t\u00eanis all star. N\u00e3o vejo a hora de v\u00ea-la usando.&nbsp;<\/p>\n<p>Raramente ela chora. Mais quando quer mamar. E n\u00e3o posso demorar, se n\u00e3o ela grita rs Est\u00e1 gostando do banho, depois de passarmos por uma pequena fase de crise de choro. Papai comprou um mobile pra ela e ela amou.&nbsp;<\/p>\n<p>Acho que a partir de agora ela vai curtir mais seus brinquedinhos, as pessoas a sua volta. &nbsp;Estou curtindo cada fase. Cada dia \u00e9 uma novidade, uma descoberta. Minha companheirinha, minha parceira mais linda. Amo demais.&nbsp;<\/p>\n<p><a href=\"https:\/\/nandabalieiro.com.br\/blog\/wp-content\/uploads\/2015\/07\/IMG_4080.jpg\"><img decoding=\"async\" src=\"https:\/\/nandabalieiro.com.br\/blog\/wp-content\/uploads\/2015\/07\/IMG_4080.jpg\" alt=\"\"><\/a>&nbsp;<\/p>\n","protected":false},"excerpt":{"rendered":"<p>&nbsp;Clarice completou dois meses no \u00faltimo dia 20. Minha boneca deixou de ser um nenezinho que s\u00f3 mamava e dormia pra se transformar numa beb\u00ea risonha. Agora ela fica mais tempo acordada. No auge dos seus dois meses ela ri&#8230;<\/p>\n","protected":false},"author":1,"featured_media":12240,"comment_status":"open","ping_status":"open","sticky":false,"template":"","format":"standard","meta":[],"categories":[195],"tags":[212,217],"_links":{"self":[{"href":"https:\/\/nandabalieiro.com.br\/blog\/wp-json\/wp\/v2\/posts\/12237"}],"collection":[{"href":"https:\/\/nandabalieiro.com.br\/blog\/wp-json\/wp\/v2\/posts"}],"about":[{"href":"https:\/\/nandabalieiro.com.br\/blog\/wp-json\/wp\/v2\/types\/post"}],"author":[{"embeddable":true,"href":"https:\/\/nandabalieiro.com.br\/blog\/wp-json\/wp\/v2\/users\/1"}],"replies":[{"embeddable":true,"href":"https:\/\/nandabalieiro.com.br\/blog\/wp-json\/wp\/v2\/comments?post=12237"}],"version-history":[{"count":5,"href":"https:\/\/nandabalieiro.com.br\/blog\/wp-json\/wp\/v2\/posts\/12237\/revisions"}],"predecessor-version":[{"id":12246,"href":"https:\/\/nandabalieiro.com.br\/blog\/wp-json\/wp\/v2\/posts\/12237\/revisions\/12246"}],"wp:featuredmedia":[{"embeddable":true,"href":"https:\/\/nandabalieiro.com.br\/blog\/wp-json\/wp\/v2\/media\/12240"}],"wp:attachment":[{"href":"https:\/\/nandabalieiro.com.br\/blog\/wp-json\/wp\/v2\/media?parent=12237"}],"wp:term":[{"taxonomy":"category","embeddable":true,"href":"https:\/\/nandabalieiro.com.br\/blog\/wp-json\/wp\/v2\/categories?post=12237"},{"taxonomy":"post_tag","embeddable":true,"href":"https:\/\/nandabalieiro.com.br\/blog\/wp-json\/wp\/v2\/tags?post=12237"}],"curies":[{"name":"wp","href":"https:\/\/api.w.org\/{rel}","templated":true}]}}