{"id":12919,"date":"2015-12-20T23:10:01","date_gmt":"2015-12-21T02:10:01","guid":{"rendered":"http:\/\/nandabalieiro.com.br\/blog\/?p=12919"},"modified":"2015-12-18T23:14:06","modified_gmt":"2015-12-18T23:14:06","slug":"weekly-clarice-semanas-32-e-33","status":"publish","type":"post","link":"https:\/\/nandabalieiro.com.br\/blog\/2015\/12\/weekly-clarice-semanas-32-e-33\/","title":{"rendered":"Weekly Clarice: semanas 32 e 33"},"content":{"rendered":"<p><a href=\"https:\/\/nandabalieiro.com.br\/blog\/wp-content\/uploads\/2015\/12\/img_0373.jpeg\"><img decoding=\"async\" src=\"https:\/\/nandabalieiro.com.br\/blog\/wp-content\/uploads\/2015\/12\/img_0373.jpeg\" alt=\"\"><\/a><\/p>\n<p style=\"text-align: justify;\">Pra tentar colocar um pouco em dia as fotos do projeto, aqui est\u00e3o duas semanas. V\u00ea se eu posso com essa perninha? Essa semana foi cheia de emo\u00e7\u00f5es. Teve apresenta\u00e7\u00e3o na escola da Clarice, teve o batizado com direito a bolinho e cupcake em casa. Teve tamb\u00e9m as fotos mais lindas tirada pela nossa fot\u00f3grafa querida daqui de Bauru Mariana Luz. Teve tamb\u00e9m mais dentinho nascendo, em cima, e noites mal dormidas. Haja caf\u00e9 rs Foi uma semana intensa.&nbsp;<\/p>\n<p><a href=\"https:\/\/nandabalieiro.com.br\/blog\/wp-content\/uploads\/2015\/12\/img_0374.jpeg\"><img decoding=\"async\" src=\"https:\/\/nandabalieiro.com.br\/blog\/wp-content\/uploads\/2015\/12\/img_0374.jpeg\" alt=\"\"><\/a><\/p>\n<p style=\"text-align: justify;\">A primeira foto das semanas em dezembro tinha que ser em clima natalino rs Semaninha emocionante. Os dias est\u00e3o voando e minha pequena cada vez mais desenvolvida. Com sete meses ela engatinhou. E engatinhou certinho, perfeitinha. Agora que engatinhou ela quer ficar em p\u00e9! V\u00ea se pode uma coisa dessas. O ruim \u00e9 que com isso ela j\u00e1 escorregou e caiu umas tr\u00eas vezes. Agora n\u00e3o quer mais ficar em colo nem em cadeirinha n\u00e3o. S\u00f3 quer ch\u00e3o e explorar tudo. Veremos as cenas dos pr\u00f3ximos cap\u00edtulos rsrs&nbsp;<\/p>\n","protected":false},"excerpt":{"rendered":"<p>Pra tentar colocar um pouco em dia as fotos do projeto, aqui est\u00e3o duas semanas. V\u00ea se eu posso com essa perninha? Essa semana foi cheia de emo\u00e7\u00f5es. Teve apresenta\u00e7\u00e3o na escola da Clarice, teve o batizado com direito a&#8230;<\/p>\n","protected":false},"author":1,"featured_media":12918,"comment_status":"open","ping_status":"open","sticky":false,"template":"","format":"standard","meta":[],"categories":[196],"tags":[222],"_links":{"self":[{"href":"https:\/\/nandabalieiro.com.br\/blog\/wp-json\/wp\/v2\/posts\/12919"}],"collection":[{"href":"https:\/\/nandabalieiro.com.br\/blog\/wp-json\/wp\/v2\/posts"}],"about":[{"href":"https:\/\/nandabalieiro.com.br\/blog\/wp-json\/wp\/v2\/types\/post"}],"author":[{"embeddable":true,"href":"https:\/\/nandabalieiro.com.br\/blog\/wp-json\/wp\/v2\/users\/1"}],"replies":[{"embeddable":true,"href":"https:\/\/nandabalieiro.com.br\/blog\/wp-json\/wp\/v2\/comments?post=12919"}],"version-history":[{"count":3,"href":"https:\/\/nandabalieiro.com.br\/blog\/wp-json\/wp\/v2\/posts\/12919\/revisions"}],"predecessor-version":[{"id":12922,"href":"https:\/\/nandabalieiro.com.br\/blog\/wp-json\/wp\/v2\/posts\/12919\/revisions\/12922"}],"wp:featuredmedia":[{"embeddable":true,"href":"https:\/\/nandabalieiro.com.br\/blog\/wp-json\/wp\/v2\/media\/12918"}],"wp:attachment":[{"href":"https:\/\/nandabalieiro.com.br\/blog\/wp-json\/wp\/v2\/media?parent=12919"}],"wp:term":[{"taxonomy":"category","embeddable":true,"href":"https:\/\/nandabalieiro.com.br\/blog\/wp-json\/wp\/v2\/categories?post=12919"},{"taxonomy":"post_tag","embeddable":true,"href":"https:\/\/nandabalieiro.com.br\/blog\/wp-json\/wp\/v2\/tags?post=12919"}],"curies":[{"name":"wp","href":"https:\/\/api.w.org\/{rel}","templated":true}]}}