{"id":12955,"date":"2016-01-01T15:20:56","date_gmt":"2016-01-01T18:20:56","guid":{"rendered":"http:\/\/nandabalieiro.com.br\/blog\/?p=12955"},"modified":"2016-01-02T18:37:26","modified_gmt":"2016-01-02T18:37:26","slug":"o-que-eu-quero-em-2016","status":"publish","type":"post","link":"https:\/\/nandabalieiro.com.br\/blog\/2016\/01\/o-que-eu-quero-em-2016\/","title":{"rendered":"O que eu quero em 2016&#8230;"},"content":{"rendered":"<p><a href=\"https:\/\/nandabalieiro.com.br\/blog\/wp-content\/uploads\/2015\/12\/img_0589-2.jpeg\"><img decoding=\"async\" class=\"aligncenter\" src=\"https:\/\/nandabalieiro.com.br\/blog\/wp-content\/uploads\/2015\/12\/img_0589-2.jpeg\" alt=\"\"><\/a><\/p>\n<p style=\"text-align: justify;\">O que eu quero? Quanto querer cabe em meu cora\u00e7\u00e3o! Um ano novinho,&nbsp;inteirinho, hoje come\u00e7a. E meu desejo mais profundo \u00e9 que nossa fam\u00edlia esteja sempre cheia de sa\u00fade. Que possamos ter muitos momentos felizes em 2016, juntos. Quero ver minha filha&nbsp;dar seus primeiros&nbsp;passinhos, falar suas primeiras palavrinhas, descobrir o mundo juntas. Quero ver meu marido feliz, realizado, ainda que seja com um jogo novo de v\u00eddeo game rs Quero me realizar no trabalho, ter desafios, ser desafiada, conquistar os primeiros lugares que tanto queremos. Quero crescer e me desenvolver profissionalmente, como tem sido nos \u00faltimos anos. Quero viajar, mostrar \u00e0 praia para Clarice pela primeira vez, quero&nbsp;que ela sinta&nbsp;o gostinho salgado do mar. Quero descansar, dormir, quero sentir paz, interna, de alma, de esp\u00edrito, pelo mundo, por aqueles ao meu redor. Quero continuar tendo a certeza que tenho feito um \u00f3timo trabalho por aqui: como m\u00e3e, esposa, profissional, filha, amiga (esse \u00e9 meio falho, eu sei).<\/p>\n<p style=\"text-align: justify;\">Quero ver as pessoas felizes, conquistando seus desejos mais profundos. Quero ver minha Lele nascer saud\u00e1vel, feliz, rodeada de tanto amor que j\u00e1 a espera aqui fora. Quero&nbsp;que 2016 seja O ano para todo mundo. Quero tamb\u00e9m completar minha pulseira pandora, quem sabe trocar minha c\u00e2mera, tirar muitas fotos,&nbsp;continuar registrando nossos momentos no PL. Quem sabe voltar a ler uns&nbsp;livros (oi tempo, passe por aqui). Quero mudar para o nosso apartamento. Ahn que sonho morar no nosso apartamento, aquele que a gente tem sonhado nos \u00faltimos tr\u00eas anos e que agora est\u00e1 t\u00e3o pr\u00f3ximo de se realizar. Quero deixar minha vida nas m\u00e3os Dele e ter a certeza que nada de ruim pode acontecer. E que se acontecer, Ele estar\u00e1 l\u00e1, ajudando, consolando, apoiando e mostrando os melhores caminhos. Quero continuar caminhando pra frente com o cora\u00e7\u00e3o repleto de amor e gratid\u00e3o. <strong>Gratid\u00e3o. Seja bem vindo 2016.<\/strong><\/p>\n","protected":false},"excerpt":{"rendered":"<p>O que eu quero? Quanto querer cabe em meu cora\u00e7\u00e3o! Um ano novinho,&nbsp;inteirinho, hoje come\u00e7a. E meu desejo mais profundo \u00e9 que nossa fam\u00edlia esteja sempre cheia de sa\u00fade. Que possamos ter muitos momentos felizes em 2016, juntos. Quero ver&#8230;<\/p>\n","protected":false},"author":1,"featured_media":12954,"comment_status":"open","ping_status":"open","sticky":false,"template":"","format":"standard","meta":[],"categories":[195],"tags":[],"_links":{"self":[{"href":"https:\/\/nandabalieiro.com.br\/blog\/wp-json\/wp\/v2\/posts\/12955"}],"collection":[{"href":"https:\/\/nandabalieiro.com.br\/blog\/wp-json\/wp\/v2\/posts"}],"about":[{"href":"https:\/\/nandabalieiro.com.br\/blog\/wp-json\/wp\/v2\/types\/post"}],"author":[{"embeddable":true,"href":"https:\/\/nandabalieiro.com.br\/blog\/wp-json\/wp\/v2\/users\/1"}],"replies":[{"embeddable":true,"href":"https:\/\/nandabalieiro.com.br\/blog\/wp-json\/wp\/v2\/comments?post=12955"}],"version-history":[{"count":9,"href":"https:\/\/nandabalieiro.com.br\/blog\/wp-json\/wp\/v2\/posts\/12955\/revisions"}],"predecessor-version":[{"id":12982,"href":"https:\/\/nandabalieiro.com.br\/blog\/wp-json\/wp\/v2\/posts\/12955\/revisions\/12982"}],"wp:featuredmedia":[{"embeddable":true,"href":"https:\/\/nandabalieiro.com.br\/blog\/wp-json\/wp\/v2\/media\/12954"}],"wp:attachment":[{"href":"https:\/\/nandabalieiro.com.br\/blog\/wp-json\/wp\/v2\/media?parent=12955"}],"wp:term":[{"taxonomy":"category","embeddable":true,"href":"https:\/\/nandabalieiro.com.br\/blog\/wp-json\/wp\/v2\/categories?post=12955"},{"taxonomy":"post_tag","embeddable":true,"href":"https:\/\/nandabalieiro.com.br\/blog\/wp-json\/wp\/v2\/tags?post=12955"}],"curies":[{"name":"wp","href":"https:\/\/api.w.org\/{rel}","templated":true}]}}