{"id":13063,"date":"2016-02-10T12:51:52","date_gmt":"2016-02-10T12:51:52","guid":{"rendered":"http:\/\/nandabalieiro.com.br\/blog\/?p=13063"},"modified":"2016-02-10T12:51:52","modified_gmt":"2016-02-10T12:51:52","slug":"weekly-clarice-semanas-36-e-37","status":"publish","type":"post","link":"https:\/\/nandabalieiro.com.br\/blog\/2016\/02\/weekly-clarice-semanas-36-e-37\/","title":{"rendered":"Weekly Clarice: semanas 36 e 37"},"content":{"rendered":"<p><img decoding=\"async\" class=\"aligncenter size-full wp-image-13064\" src=\"https:\/\/nandabalieiro.com.br\/blog\/wp-content\/uploads\/2016\/02\/36_semana.jpg\" alt=\"36_semana\" width=\"1024\" height=\"680\" srcset=\"https:\/\/nandabalieiro.com.br\/blog\/wp-content\/uploads\/2016\/02\/36_semana.jpg 1024w, https:\/\/nandabalieiro.com.br\/blog\/wp-content\/uploads\/2016\/02\/36_semana-300x199.jpg 300w, https:\/\/nandabalieiro.com.br\/blog\/wp-content\/uploads\/2016\/02\/36_semana-768x510.jpg 768w\" sizes=\"(max-width: 1024px) 100vw, 1024px\" \/><\/p>\n<p><img decoding=\"async\" class=\"aligncenter size-full wp-image-13066\" src=\"https:\/\/nandabalieiro.com.br\/blog\/wp-content\/uploads\/2016\/02\/37_semana-1.jpg\" alt=\"37_semana\" width=\"1024\" height=\"680\" srcset=\"https:\/\/nandabalieiro.com.br\/blog\/wp-content\/uploads\/2016\/02\/37_semana-1.jpg 1024w, https:\/\/nandabalieiro.com.br\/blog\/wp-content\/uploads\/2016\/02\/37_semana-1-300x199.jpg 300w, https:\/\/nandabalieiro.com.br\/blog\/wp-content\/uploads\/2016\/02\/37_semana-1-768x510.jpg 768w\" sizes=\"(max-width: 1024px) 100vw, 1024px\" \/><\/p>\n<p style=\"text-align: justify;\">Eu n\u00e3o parei com o projeto n\u00e3o. Depois que voltei a trabalhar nem lembro mais direito que tenho Blog rs isso porque eu queria registrar mais sobre o crescimento da Clarice, pra no futuro vir aqui e matar saudades. Mas tudo anda muito corrido. Ent\u00e3o vou atualizando quando d\u00e1 rs Clarice j\u00e1 est\u00e1 quase na quadrag\u00e9sima terceira semana e venho aqui mostrar a 36 e 37. Depois volto com as outras. Olha que del\u00edcia de bebe! #babomesmo<\/p>\n","protected":false},"excerpt":{"rendered":"<p>Eu n\u00e3o parei com o projeto n\u00e3o. Depois que voltei a trabalhar nem lembro mais direito que tenho Blog rs isso porque eu queria registrar mais sobre o crescimento da Clarice, pra no futuro vir aqui e matar saudades. Mas&#8230;<\/p>\n","protected":false},"author":1,"featured_media":13064,"comment_status":"open","ping_status":"open","sticky":false,"template":"","format":"standard","meta":[],"categories":[196],"tags":[222],"_links":{"self":[{"href":"https:\/\/nandabalieiro.com.br\/blog\/wp-json\/wp\/v2\/posts\/13063"}],"collection":[{"href":"https:\/\/nandabalieiro.com.br\/blog\/wp-json\/wp\/v2\/posts"}],"about":[{"href":"https:\/\/nandabalieiro.com.br\/blog\/wp-json\/wp\/v2\/types\/post"}],"author":[{"embeddable":true,"href":"https:\/\/nandabalieiro.com.br\/blog\/wp-json\/wp\/v2\/users\/1"}],"replies":[{"embeddable":true,"href":"https:\/\/nandabalieiro.com.br\/blog\/wp-json\/wp\/v2\/comments?post=13063"}],"version-history":[{"count":3,"href":"https:\/\/nandabalieiro.com.br\/blog\/wp-json\/wp\/v2\/posts\/13063\/revisions"}],"predecessor-version":[{"id":13070,"href":"https:\/\/nandabalieiro.com.br\/blog\/wp-json\/wp\/v2\/posts\/13063\/revisions\/13070"}],"wp:featuredmedia":[{"embeddable":true,"href":"https:\/\/nandabalieiro.com.br\/blog\/wp-json\/wp\/v2\/media\/13064"}],"wp:attachment":[{"href":"https:\/\/nandabalieiro.com.br\/blog\/wp-json\/wp\/v2\/media?parent=13063"}],"wp:term":[{"taxonomy":"category","embeddable":true,"href":"https:\/\/nandabalieiro.com.br\/blog\/wp-json\/wp\/v2\/categories?post=13063"},{"taxonomy":"post_tag","embeddable":true,"href":"https:\/\/nandabalieiro.com.br\/blog\/wp-json\/wp\/v2\/tags?post=13063"}],"curies":[{"name":"wp","href":"https:\/\/api.w.org\/{rel}","templated":true}]}}