{"id":13558,"date":"2019-08-30T21:09:25","date_gmt":"2019-08-31T00:09:25","guid":{"rendered":"https:\/\/nandabalieiro.com.br\/blog\/?p=13558"},"modified":"2020-04-24T15:43:23","modified_gmt":"2020-04-24T18:43:23","slug":"aosquatro","status":"publish","type":"post","link":"https:\/\/nandabalieiro.com.br\/blog\/2019\/08\/aosquatro\/","title":{"rendered":"#aosquatro"},"content":{"rendered":"<p><img decoding=\"async\" class=\"alignnone wp-image-13557 size-large\" src=\"https:\/\/nandabalieiro.com.br\/blog\/wp-content\/uploads\/2019\/08\/img_4150-768x1024.jpg\" alt=\"\" width=\"768\" height=\"1024\" srcset=\"https:\/\/nandabalieiro.com.br\/blog\/wp-content\/uploads\/2019\/08\/img_4150-768x1024.jpg 768w, https:\/\/nandabalieiro.com.br\/blog\/wp-content\/uploads\/2019\/08\/img_4150-225x300.jpg 225w\" sizes=\"(max-width: 768px) 100vw, 768px\" \/><\/p>\r\n<p>Clarice aos quatro anos de idade \u00e9 uma menininha incr\u00edvel. Esperta, inteligente, de muito bom gosto. Encarou a mudan\u00e7a pra S\u00e3o Paulo com a maior naturalidade, se adaptou super r\u00e1pido por aqui e \u00e9 a melhor parceira de aventuras que existe.<\/p>\r\n<ul>\r\n<li>Est\u00e1 no n\u00edvel 3 na escola<\/li>\r\n<li>Ama sua escola, suas pr\u00f4s, seus amigos. Se desenvolveu absurdamente esse ano. Conta as coisas da escola, fala dos amigos, e ainda escolheu fazer bal\u00e9, jud\u00f4 e rob\u00f3tica.<\/li>\r\n<li>Est\u00e1 completamente alfabetizada (aprendeu a ler sozinha com menos de tr\u00eas anos e hoje l\u00ea livrinhos de historinha)<\/li>\r\n<li>Ama Beatles, The Beat Bugs, Mundo Bita e Chico Buarque<\/li>\r\n<li>Gosta de alguns rocks pesados do papai, como Slipknot e Marilyn Manson. At\u00e9 canta as m\u00fasicas preferidas rs<\/li>\r\n<li>Seu beatle preferido \u00e9 o Jhon Lennon<\/li>\r\n<li>Conhece e reconhece todas as notas musicais de ouvido. Aprendeu a tirar algumas musicas no teclado (dona aranha, ciranda cirandinha, cai cai bal\u00e3o e at\u00e9 Yellow Submarine)<\/li>\r\n<li>Est\u00e1 numa fase completamente apaixonada por turma da M\u00f4nica. Seu personagem favorito \u00e9 o Cebolinha. Tem um pel\u00facia que ela dorme e acorda com ele, beija mil vezes e diz que o ama o tempo todo rs Ama os gibis, algumas vezes l\u00ea as hist\u00f3rias, outras vezes olha os personagens e inventa as pr\u00f3prias hist\u00f3rias. A sua imagina\u00e7\u00e3o \u00e9 a coisa mais linda.<\/li>\r\n<li>\u00c9 muito carinhosa: beija, abra\u00e7a, quer colo. Mas s\u00f3 quando quer rsrs<\/li>\r\n<li>\u00c9 a melhor parceira que existe. Vamos juntas em bares, restaurantes, museus, shoppings, teatro. Nas viagens anda muito, as vezes pede colo, mas eu logo falo, &#8220;u\u00e9, voc\u00ea n\u00e3o quer conhecer novos lugares?&#8221; Pronto, continua andando como gente grande. Sempre juntas, sempre se diverte. Explora os lugares, finge que est\u00e1 tirando foto, dan\u00e7a e canta o tempo todo. \u00c9 super engra\u00e7ada.<\/li>\r\n<li>Adora andar de metr\u00f4 aqui em SP. N\u00e3o pode sair de casa sem passar numa livraria. Esses dias fomos passear e ela disse: esquecemos de passar na livraria\u00a0<\/li>\r\n<\/ul>\r\n<p><img decoding=\"async\" class=\"aligncenter wp-image-13572 size-large\" src=\"https:\/\/nandabalieiro.com.br\/blog\/wp-content\/uploads\/2019\/08\/DSC_4384_Original-683x1024.jpeg\" alt=\"\" width=\"683\" height=\"1024\" srcset=\"https:\/\/nandabalieiro.com.br\/blog\/wp-content\/uploads\/2019\/08\/DSC_4384_Original-683x1024.jpeg 683w, https:\/\/nandabalieiro.com.br\/blog\/wp-content\/uploads\/2019\/08\/DSC_4384_Original-200x300.jpeg 200w, https:\/\/nandabalieiro.com.br\/blog\/wp-content\/uploads\/2019\/08\/DSC_4384_Original-768x1152.jpeg 768w, https:\/\/nandabalieiro.com.br\/blog\/wp-content\/uploads\/2019\/08\/DSC_4384_Original-1024x1536.jpeg 1024w, https:\/\/nandabalieiro.com.br\/blog\/wp-content\/uploads\/2019\/08\/DSC_4384_Original-1365x2048.jpeg 1365w, https:\/\/nandabalieiro.com.br\/blog\/wp-content\/uploads\/2019\/08\/DSC_4384_Original-scaled.jpeg 1707w\" sizes=\"(max-width: 683px) 100vw, 683px\" \/><\/p>\r\n<p><img decoding=\"async\" class=\"aligncenter size-medium\" src=\"file:\/\/\/var\/mobile\/Containers\/Data\/Application\/AFC5EA88-CFA8-4E56-8C13-85B8D7DEB822\/Library\/Caches\/Media\/thumbnail-p7-2208x2208.jpeg\" width=\"270\" height=\"202\" data-wp_upload_id=\"x-coredata:\/\/4E461351-687E-453C-A5E5-40AF80AA1AC2\/Media\/p7\" \/><\/p>\r\n\r\n<ul>\r\n<li>Continua apaixonada pelo sapinho. As vezes deixa ele de lado, mas quando o encontra \u00e9 s\u00f3 amores. Fala que ama, diz que est\u00e1 amando o sapinho rsrsr<\/li>\r\n<li>J\u00e1 conhece mais lugares em S\u00e3o Paulo do que algumas pessoas que nasceram em S\u00e3o Paulo rs vamos em todos os lugares: shows, museus, exposi\u00e7\u00f5es. Estamos curtindo cada pedacinho dessa nova cidade.<\/li>\r\n<li>Se troca sozinha, escova os dentes, coloca t\u00eanis, come sozinha, quer fazer tudo SO ZI NHA. As vezes cansa, haja paci\u00eancia, mas \u00e9 t\u00e3o lindo v\u00ea-la crescer e ficar cada vez mais independente. As vezes at\u00e9 demais<\/li>\r\n<\/ul>\r\n\r\n\r\n\r\n<p>Sou suspeita porque amo todas as fases, mas cada dia que passa fica mais incr\u00edvel ter Clarice com a gente. Um aprendizado di\u00e1rio, muitas risadas das p\u00e9rolas (preciso fazer um post sobre isso &#8211; escrevo nas notas do celular &#8211; preciso eternizar aqui).<\/p>\r\n\r\n\r\n\r\n<p>Voa filha, que o mundo \u00e9 seu, e somos sua plat\u00e9ia.<\/p>\r\n\r\n\r\n\r\n<p>&nbsp;<\/p>\r\n","protected":false},"excerpt":{"rendered":"<p>Clarice aos quatro anos de idade \u00e9 uma menininha incr\u00edvel. Esperta, inteligente, de muito bom gosto. Encarou a mudan\u00e7a pra S\u00e3o Paulo com a maior naturalidade, se adaptou super r\u00e1pido por aqui e \u00e9 a melhor parceira de aventuras que&#8230;<\/p>\n","protected":false},"author":1,"featured_media":13647,"comment_status":"open","ping_status":"open","sticky":false,"template":"","format":"standard","meta":[],"categories":[195],"tags":[212],"_links":{"self":[{"href":"https:\/\/nandabalieiro.com.br\/blog\/wp-json\/wp\/v2\/posts\/13558"}],"collection":[{"href":"https:\/\/nandabalieiro.com.br\/blog\/wp-json\/wp\/v2\/posts"}],"about":[{"href":"https:\/\/nandabalieiro.com.br\/blog\/wp-json\/wp\/v2\/types\/post"}],"author":[{"embeddable":true,"href":"https:\/\/nandabalieiro.com.br\/blog\/wp-json\/wp\/v2\/users\/1"}],"replies":[{"embeddable":true,"href":"https:\/\/nandabalieiro.com.br\/blog\/wp-json\/wp\/v2\/comments?post=13558"}],"version-history":[{"count":10,"href":"https:\/\/nandabalieiro.com.br\/blog\/wp-json\/wp\/v2\/posts\/13558\/revisions"}],"predecessor-version":[{"id":13634,"href":"https:\/\/nandabalieiro.com.br\/blog\/wp-json\/wp\/v2\/posts\/13558\/revisions\/13634"}],"wp:featuredmedia":[{"embeddable":true,"href":"https:\/\/nandabalieiro.com.br\/blog\/wp-json\/wp\/v2\/media\/13647"}],"wp:attachment":[{"href":"https:\/\/nandabalieiro.com.br\/blog\/wp-json\/wp\/v2\/media?parent=13558"}],"wp:term":[{"taxonomy":"category","embeddable":true,"href":"https:\/\/nandabalieiro.com.br\/blog\/wp-json\/wp\/v2\/categories?post=13558"},{"taxonomy":"post_tag","embeddable":true,"href":"https:\/\/nandabalieiro.com.br\/blog\/wp-json\/wp\/v2\/tags?post=13558"}],"curies":[{"name":"wp","href":"https:\/\/api.w.org\/{rel}","templated":true}]}}