{"id":242,"date":"2007-02-22T22:23:02","date_gmt":"2007-02-23T00:23:02","guid":{"rendered":"http:\/\/nandabalieiro.org\/blog\/?p=242"},"modified":"2015-04-05T13:19:44","modified_gmt":"2015-04-05T13:19:44","slug":"campanha-da-fraternidade","status":"publish","type":"post","link":"https:\/\/nandabalieiro.com.br\/blog\/2007\/02\/campanha-da-fraternidade\/","title":{"rendered":"Campanha da Fraternidade"},"content":{"rendered":"<p><!--nevermore--><\/p>\n<p align=\"justify\"><img decoding=\"async\" title=\"Campanha da Fraternidade - 2007\" alt=\"Campanha da Fraternidade - 2007\" src=\"http:\/\/www.cnbb.org.br\/include\/imagem.php?op=pagina&#038;subop=189&#038;sublinha=1\" align=\"left\" \/>Nesse <a title=\"Campanha da Fraternidade 2007\" href=\"http:\/\/www.cnbb.org.br\/index.php?op=pagina&#038;subop=189\" target=\"_blank\">site<\/a>, \u00a0encontrei o cartaz da campanha da fraternidade 2007. Mais um ve\u00edculo de comunica\u00e7\u00e3o alertando para uma poss\u00edvel extin\u00e7\u00e3o do &#8220;Ar condicionado do planeta&#8221;. Sem contar com a liga\u00e7\u00e3o direta ao tema <a title=\"Fa\u00e7a a Sua Parte\" href=\"http:\/\/www.facaasuaparte.blogspot.com\" target=\"_blank\">aquecimento global<\/a>, <a title=\"Desenvolvimento Sustent\u00e1vel\" href=\"http:\/\/pt.wikipedia.org\/wiki\/Desenvolvimento_sustent%C3%A1vel\" target=\"_blank\">desenvolvimento sustent\u00e1vel<\/a> e tantos outros que fazem as manchetes dos grandes jornais e revistas do mundo todo. Tudo bem que \u00e9 um pouco tarde para dar a devida import\u00e2ncia a algo realmente relevante para o futuro da humanindade (n\u00e3o digo isso pela campanha, mas pelas atitudes dos governantes de muitos pa\u00edses). Mas, antes tarde do que nunca, n\u00e3o?<\/p>\n<p align=\"justify\">\u00a0<\/p>\n<p align=\"center\"><strong>A EXPLICA\u00c7\u00c3O DO CARTAZ<\/strong><\/p>\n<p align=\"center\">Fraternidade e Amaz\u00f4nia<\/p>\n<p align=\"center\">\u0093Vida e miss\u00e3o neste ch\u00e3o\u0094<\/p>\n<blockquote>\n<p align=\"justify\"><em>&#8220;Na parte superior do Cartaz, a terra seca e rachada representa a realidade de algumas partes da Amaz\u00f4nia durante a estiagem e adverte que, sem o devido cuidado, toda a regi\u00e3o pode ser destru\u00edda.<\/em><\/p>\n<p align=\"justify\"><em>A abundante presen\u00e7a da \u00e1gua lembra que a Amaz\u00f4nia \u00e9 uma importante reserva de \u00e1gua doce no planeta, al\u00e9m de transmitir uma sensa\u00e7\u00e3o de transpar\u00eancia, for\u00e7a e vitalidade.<\/em><\/p>\n<p align=\"justify\"><em>O elemento principal do Cartaz \u00e9 a vit\u00f3ria-r\u00e9gia, conhecida pelos \u00edndios como \u0093panela de esp\u00edritos\u0094. Considerada um dos s\u00edmbolos da Amaz\u00f4nia, essa planta \u00e9 forte e tem ra\u00edzes profundas que tocam o leito do rio; ao mesmo tempo, \u00e9 sens\u00edvel, assim como o povo nativo da regi\u00e3o, que sobrevive com muita garra, mas precisa do apoio fraterno de toda a sociedade brasileira. Ao mostrar o contraste entre a terra seca e a exuber\u00e2ncia da \u00e1gua, o Cartaz chama a aten\u00e7\u00e3o para a devasta\u00e7\u00e3o da Amaz\u00f4nia e o descaso com a vida. Representa a esperan\u00e7a de encontrar uma solu\u00e7\u00e3o para os conflitos da regi\u00e3o com base na solidariedade e no respeito \u00e0s diferen\u00e7as&#8221;.<\/em><\/p>\n<\/blockquote>\n<p align=\"justify\">Aproveitando o tema, voc\u00eas assinaram o abaixo assinado? Esse <a href=\"http:\/\/www.amazoniaparasempre.com.br\/\">aqui<\/a>? T\u00e1, tudo bem, eu n\u00e3o acredito que este abaixo-assinado ser\u00e1 a salva\u00e7\u00e3o da Amaz\u00f4nia. Obviamente, os pr\u00f3prios artistas idealizadores do projeto (Cristiane Torloni, Juca de Oliveira, Victor Fasano) tamb\u00e9m acham. Como um deles bem definiu, a id\u00e9ia \u00e9 alertar a sociedade, dar um grito de indigna\u00e7\u00e3o contra as atrocidades que s\u00e3o feitas ao nosso maior patrim\u00f4nio natural. E, sendo assim, eles t\u00eam todo meu apoio, incluindo uma assinatura, e um pedido aos meus poucos, mas grandes amigos: <a onclick=\"return top.js.OpenExtLink(window,event,this)\" href=\"http:\/\/www.amazoniaparasempre.com.br\/\" target=\"_blank\"><font color=\"#4b7db4\">vamos assinar o abaixo-assinado? <\/font><\/a><\/p>\n<p align=\"justify\">[tags] campanha da fraternidade 2007, amazonia para sempre, aquecimento global, fraternidade e amazonia [\/tags]<\/p>\n","protected":false},"excerpt":{"rendered":"<p>Nesse site, \u00a0encontrei o cartaz da campanha da fraternidade 2007. Mais um ve\u00edculo de comunica\u00e7\u00e3o alertando para uma poss\u00edvel extin\u00e7\u00e3o do &#8220;Ar condicionado do planeta&#8221;. Sem contar com a liga\u00e7\u00e3o direta ao tema aquecimento global, desenvolvimento sustent\u00e1vel e tantos outros&#8230;<\/p>\n","protected":false},"author":1,"featured_media":0,"comment_status":"open","ping_status":"open","sticky":false,"template":"","format":"standard","meta":[],"categories":[195],"tags":[203],"_links":{"self":[{"href":"https:\/\/nandabalieiro.com.br\/blog\/wp-json\/wp\/v2\/posts\/242"}],"collection":[{"href":"https:\/\/nandabalieiro.com.br\/blog\/wp-json\/wp\/v2\/posts"}],"about":[{"href":"https:\/\/nandabalieiro.com.br\/blog\/wp-json\/wp\/v2\/types\/post"}],"author":[{"embeddable":true,"href":"https:\/\/nandabalieiro.com.br\/blog\/wp-json\/wp\/v2\/users\/1"}],"replies":[{"embeddable":true,"href":"https:\/\/nandabalieiro.com.br\/blog\/wp-json\/wp\/v2\/comments?post=242"}],"version-history":[{"count":1,"href":"https:\/\/nandabalieiro.com.br\/blog\/wp-json\/wp\/v2\/posts\/242\/revisions"}],"predecessor-version":[{"id":11658,"href":"https:\/\/nandabalieiro.com.br\/blog\/wp-json\/wp\/v2\/posts\/242\/revisions\/11658"}],"wp:attachment":[{"href":"https:\/\/nandabalieiro.com.br\/blog\/wp-json\/wp\/v2\/media?parent=242"}],"wp:term":[{"taxonomy":"category","embeddable":true,"href":"https:\/\/nandabalieiro.com.br\/blog\/wp-json\/wp\/v2\/categories?post=242"},{"taxonomy":"post_tag","embeddable":true,"href":"https:\/\/nandabalieiro.com.br\/blog\/wp-json\/wp\/v2\/tags?post=242"}],"curies":[{"name":"wp","href":"https:\/\/api.w.org\/{rel}","templated":true}]}}