{"id":8779,"date":"2012-02-25T11:03:28","date_gmt":"2012-02-25T14:03:28","guid":{"rendered":"http:\/\/nandabalieiro.com.br\/blog\/?p=8779"},"modified":"2015-04-05T12:14:38","modified_gmt":"2015-04-05T12:14:38","slug":"project-366-036-a-049","status":"publish","type":"post","link":"https:\/\/nandabalieiro.com.br\/blog\/2012\/02\/project-366-036-a-049\/","title":{"rendered":"Project #366 &#8211; #036 a #049"},"content":{"rendered":"<p style=\"text-align: justify;\">Sim, consegui atrasar as fotos do 366. Sim, o ultimo post foi disso e n\u00e3o contei sobre o visto, sobre a pr\u00f3xima viagem, sobre o final de semana de carnaval.. Mas tamb\u00e9m, final de semana foi carnaval, n\u00e9? Ent\u00e3o duas semanas acumuladas. Enjoy it, ou feche a p\u00e1gina se achar o post muito grande \ud83d\ude1b<\/p>\n<p style=\"text-align: justify;\"><strong>#036 &#8211; 05\/02\/2012<\/strong><\/p>\n<p style=\"text-align: justify;\"><img decoding=\"async\" class=\"aligncenter  wp-image-8781\" title=\"#36\" src=\"https:\/\/nandabalieiro.com.br\/blog\/wp-content\/uploads\/2012\/02\/36-1024x1024.jpg\" alt=\"\" width=\"614\" height=\"614\" \/><\/p>\n<p style=\"text-align: justify;\">Eu j\u00e1 disse que sou viciada, n\u00e9? E eu acho t\u00e3o bonito fotos de comida japa. Esse dia pedimos na casa da Fer e do Betinho, meus preferidos ever: sashimi de\u00a0salm\u00e3o, sushi e hossomaki (california, salada &#8211; para o Bruno e salm\u00e3o). Delicinha.<\/p>\n<p style=\"text-align: justify;\"><strong>#037 &#8211; 06\/02\/2012<\/strong><\/p>\n<p style=\"text-align: center;\"><img decoding=\"async\" class=\"aligncenter  wp-image-8782\" title=\"#37\" src=\"https:\/\/nandabalieiro.com.br\/blog\/wp-content\/uploads\/2012\/02\/37-1024x1024.jpg\" alt=\"\" width=\"614\" height=\"614\" \/><\/p>\n<p style=\"text-align: justify;\">Casa da mami e fotos do Pico. N\u00e3o parece que ele est\u00e1 sorrindo nessa foto? Mais uma das minhas preferidas.<\/p>\n<p style=\"text-align: justify;\"><strong>#038 &#8211; 07\/02\/2012<\/strong><\/p>\n<p style=\"text-align: center;\"><img decoding=\"async\" class=\"aligncenter  wp-image-8783\" title=\"#38\" src=\"https:\/\/nandabalieiro.com.br\/blog\/wp-content\/uploads\/2012\/02\/38-1024x1024.jpg\" alt=\"\" width=\"614\" height=\"614\" \/><\/p>\n<p style=\"text-align: justify;\">Uma bonequinha. Cada dia que passa Bibica est\u00e1 mais linda. E \u00e9 mais dif\u00edcil tirar foto, ela n\u00e3o fica parada um minuto rsrsrs<\/p>\n<p style=\"text-align: justify;\"><strong>#039 &#8211; 08\/02\/2012<\/strong><\/p>\n<p style=\"text-align: justify;\"><img decoding=\"async\" class=\"aligncenter size-full wp-image-8784\" title=\"#39\" src=\"https:\/\/nandabalieiro.com.br\/blog\/wp-content\/uploads\/2012\/02\/39.jpg\" alt=\"\" width=\"500\" height=\"500\" \/><\/p>\n<p style=\"text-align: justify;\">Fomos almo\u00e7ar no sintae, restaurante delicioso de comida japonesa em Bauru. Pra n\u00e3o ficar muito repetitivo, tirei foto da sobremesa. Brownie, calda de chocolate, ganache, sorvete de creme e castanhas. DI.VI.NO!<\/p>\n<p style=\"text-align: justify;\"><strong>#040 &#8211; 09\/02\/2012<\/strong><\/p>\n<p style=\"text-align: center;\"><img decoding=\"async\" class=\"aligncenter  wp-image-8785\" title=\"#40\" src=\"https:\/\/nandabalieiro.com.br\/blog\/wp-content\/uploads\/2012\/02\/40-1024x1024.jpg\" alt=\"\" width=\"614\" height=\"614\" \/><\/p>\n<p style=\"text-align: justify;\">Os h\u00f4mi da fam\u00edlia. Foi anivers\u00e1rio da Luana e teve festinha linda e deliciosa no\u00a0buf\u00ea. E consegui uma foto rara desses da\u00ed.<\/p>\n<p style=\"text-align: justify;\"><strong>#041 &#8211; 10\/02\/2012\u00a0<\/strong><\/p>\n<p style=\"text-align: center;\"><img decoding=\"async\" class=\"aligncenter  wp-image-8786\" title=\"#41\" src=\"https:\/\/nandabalieiro.com.br\/blog\/wp-content\/uploads\/2012\/02\/41-1024x1024.jpg\" alt=\"\" width=\"614\" height=\"614\" \/><\/p>\n<p style=\"text-align: justify;\">Anel que Mami escolheu pra mim, lindo.<\/p>\n<p style=\"text-align: justify;\"><strong>#042 &#8211; 11\/02\/2012<\/strong><\/p>\n<p style=\"text-align: justify;\"><img decoding=\"async\" class=\"aligncenter size-full wp-image-8787\" title=\"#42\" src=\"https:\/\/nandabalieiro.com.br\/blog\/wp-content\/uploads\/2012\/02\/42.jpg\" alt=\"\" width=\"614\" height=\"614\" \/><\/p>\n<p style=\"text-align: justify;\">Ai que saudades do Pico. As vezes fico quase uma semana sem v\u00ea-lo, da\u00ed quando vou na Mami, eu aperto, amasso, abra\u00e7o, e ele faz essa carinha fooooofa.<\/p>\n<p style=\"text-align: justify;\"><strong>#043 &#8211; 12\/02\/2012<\/strong><\/p>\n<p style=\"text-align: center;\"><img decoding=\"async\" class=\"aligncenter  wp-image-8788\" title=\"#43\" src=\"https:\/\/nandabalieiro.com.br\/blog\/wp-content\/uploads\/2012\/02\/43-1024x1024.jpg\" alt=\"\" width=\"614\" height=\"614\" \/><\/p>\n<p style=\"text-align: justify;\">Passamos a tarde toda na casa da Fer e do Betinho, e quem estava l\u00e1? Chimbica. O Tio Betinho fez pipoca e ela amooou, comeu um monte e ficou fazendo charminho. Toda linda.<\/p>\n<p style=\"text-align: justify;\"><strong>#044 &#8211; 13\/02\/2012<\/strong><\/p>\n<p style=\"text-align: center;\"><img decoding=\"async\" class=\"aligncenter  wp-image-8789\" title=\"#44\" src=\"https:\/\/nandabalieiro.com.br\/blog\/wp-content\/uploads\/2012\/02\/44-1024x1024.jpg\" alt=\"\" width=\"614\" height=\"614\" \/><\/p>\n<p style=\"text-align: justify;\">E tem mais Pico por aqui. Tadinho, levamos no veterin\u00e1rio e o bichinho est\u00e1 com sarna rsrsrs O nosso sarnentinho. Deve ter pego na pr\u00f3pria cl\u00ednica, quando foi tomar banho. Haja rem\u00e9dio, inje\u00e7\u00e3o e tudo mais. Percebemos beeem no comecinho quando ele come\u00e7ou a se co\u00e7ar, n\u00e3o tinha nada na pele, mas ele estava numa coceira s\u00f3. Agora j\u00e1 esta bem melhor.<\/p>\n<p style=\"text-align: justify;\"><strong>#045 &#8211; 14\/02\/2012<\/strong><\/p>\n<p style=\"text-align: center;\"><img decoding=\"async\" class=\"aligncenter  wp-image-8790\" title=\"#45\" src=\"https:\/\/nandabalieiro.com.br\/blog\/wp-content\/uploads\/2012\/02\/45-1024x1024.jpg\" alt=\"\" width=\"614\" height=\"614\" \/><\/p>\n<p style=\"text-align: justify;\">Caf\u00e9 da manh\u00e3 dos campe\u00f5es (ou gordos, n\u00e9?). Tenho exagerado um pouco nas comidas, preciso me controlar se n\u00e3o engordo tudo que perdi. Ent\u00e3o, caf\u00e9 da manh\u00e3 saud\u00e1vel.<\/p>\n<p style=\"text-align: justify;\"><strong>#046 &#8211; 15\/02\/2012<\/strong><\/p>\n<p style=\"text-align: center;\"><img decoding=\"async\" class=\"aligncenter  wp-image-8791\" title=\"#46\" src=\"https:\/\/nandabalieiro.com.br\/blog\/wp-content\/uploads\/2012\/02\/46-1024x1024.jpg\" alt=\"\" width=\"614\" height=\"614\" \/><\/p>\n<p style=\"text-align: justify;\">Fomos pra S\u00e3o Paulo tirar o visto e depois passamos a tarde no Morumbi Shopping. Almo\u00e7amos e a Fer comprou um gloss matte da NYX vermelho liiiindo. Eu n\u00e3o comprei porque NUNCA uso batom vermelho, resolvi experimentar. Achei que ficou estranho, mas bonito, diferente, sei l\u00e1 ahahaha<\/p>\n<p style=\"text-align: justify;\"><strong>#047 &#8211; 16\/02\/2012<\/strong><\/p>\n<p style=\"text-align: center;\"><img decoding=\"async\" class=\"aligncenter  wp-image-8792\" title=\"#47\" src=\"https:\/\/nandabalieiro.com.br\/blog\/wp-content\/uploads\/2012\/02\/47-1024x1024.jpg\" alt=\"\" width=\"614\" height=\"614\" \/><\/p>\n<p style=\"text-align: justify;\">Preciso de uma rehab de japa. Mas n\u00e3o para agora rsrs Fomos jantar no sintae, n\u00f3s, a Fer e o Betinho, a Dri e o Taher. Pena n\u00e3o termos tirado uma foto todos juntos. Fomos comemorar a aprova\u00e7\u00e3o do visto e a nossa futura viagem. Jantar deliciosamente divino.<\/p>\n<p style=\"text-align: justify;\"><strong>#048 &#8211; 17\/02\/2012<\/strong><\/p>\n<p style=\"text-align: center;\"><img decoding=\"async\" class=\"aligncenter  wp-image-8793\" title=\"#48\" src=\"https:\/\/nandabalieiro.com.br\/blog\/wp-content\/uploads\/2012\/02\/48-1024x1024.jpg\" alt=\"\" width=\"614\" height=\"614\" \/><\/p>\n<p style=\"text-align: justify;\">ADOREI essa foto. Eu e a Fer, indo pra praia, dentro do carro. Tentamos tirar umas cinquenta fotos, todas ficavam tremidas, mas essa deu pro gasto.<\/p>\n<p style=\"text-align: justify;\"><strong>#049 &#8211; 18\/02\/2012<\/strong><\/p>\n<p style=\"text-align: center;\"><img decoding=\"async\" class=\"aligncenter  wp-image-8794\" title=\"#49\" src=\"https:\/\/nandabalieiro.com.br\/blog\/wp-content\/uploads\/2012\/02\/49-1024x768.jpg\" alt=\"\" width=\"614\" height=\"461\" \/><\/p>\n<p style=\"text-align: justify;\">Agora que os meninos est\u00e3o fazendo tenis, decidiram assistir o Open 2012 em SP. Foi legal, embora cansativo pra caramba e n\u00e3o acabasse nunca ahaa Pena que o brasileiro perdeu.<\/p>\n","protected":false},"excerpt":{"rendered":"<p>Sim, consegui atrasar as fotos do 366. Sim, o ultimo post foi disso e n\u00e3o contei sobre o visto, sobre a pr\u00f3xima viagem, sobre o final de semana de carnaval.. Mas tamb\u00e9m, final de semana foi carnaval, n\u00e9? Ent\u00e3o duas&#8230;<\/p>\n","protected":false},"author":1,"featured_media":0,"comment_status":"open","ping_status":"open","sticky":false,"template":"","format":"standard","meta":[],"categories":[196],"tags":[201],"_links":{"self":[{"href":"https:\/\/nandabalieiro.com.br\/blog\/wp-json\/wp\/v2\/posts\/8779"}],"collection":[{"href":"https:\/\/nandabalieiro.com.br\/blog\/wp-json\/wp\/v2\/posts"}],"about":[{"href":"https:\/\/nandabalieiro.com.br\/blog\/wp-json\/wp\/v2\/types\/post"}],"author":[{"embeddable":true,"href":"https:\/\/nandabalieiro.com.br\/blog\/wp-json\/wp\/v2\/users\/1"}],"replies":[{"embeddable":true,"href":"https:\/\/nandabalieiro.com.br\/blog\/wp-json\/wp\/v2\/comments?post=8779"}],"version-history":[{"count":18,"href":"https:\/\/nandabalieiro.com.br\/blog\/wp-json\/wp\/v2\/posts\/8779\/revisions"}],"predecessor-version":[{"id":8810,"href":"https:\/\/nandabalieiro.com.br\/blog\/wp-json\/wp\/v2\/posts\/8779\/revisions\/8810"}],"wp:attachment":[{"href":"https:\/\/nandabalieiro.com.br\/blog\/wp-json\/wp\/v2\/media?parent=8779"}],"wp:term":[{"taxonomy":"category","embeddable":true,"href":"https:\/\/nandabalieiro.com.br\/blog\/wp-json\/wp\/v2\/categories?post=8779"},{"taxonomy":"post_tag","embeddable":true,"href":"https:\/\/nandabalieiro.com.br\/blog\/wp-json\/wp\/v2\/tags?post=8779"}],"curies":[{"name":"wp","href":"https:\/\/api.w.org\/{rel}","templated":true}]}}