{"id":9854,"date":"2013-03-15T11:37:39","date_gmt":"2013-03-15T14:37:39","guid":{"rendered":"http:\/\/nandabalieiro.com.br\/blog\/?p=9854"},"modified":"2015-04-08T12:09:19","modified_gmt":"2015-04-08T12:09:19","slug":"quase-5-meses-de-verinha","status":"publish","type":"post","link":"https:\/\/nandabalieiro.com.br\/blog\/2013\/03\/quase-5-meses-de-verinha\/","title":{"rendered":"Quase 5 meses de Verinha!"},"content":{"rendered":"<p style=\"text-align: justify;\">Pra quem n\u00e3o sabe em dezembro a Verinha entrou pra fam\u00edlia.<\/p>\n<p style=\"text-align: justify;\">Fazia tempo que eu queria um cachorrinho para nosso ap\u00ea. SEMPRE tive cachorros na casa dos meus pais e posso afirmar com certeza que eles s\u00e3o a nossa melhor compania. N\u00e3o vou entrar muito em detalhes, quem tem um animalzinho de estima\u00e7\u00e3o sabe o quanto eles fazem diferen\u00e7a nas nossas vidas.<\/p>\n<p style=\"text-align: justify;\">Eu j\u00e1 tenho um cachorrinho, o Pico, um poodle que fica na casa da minha m\u00e3e. Quando o Bruno e eu mudamos para o ap\u00ea a gente pensou em traz\u00ea-lo, mas n\u00e3o deu certo. Ele est\u00e1 acostumado com casa, quintal, com a \u00a0Belinha (outra cachorrinha). Mas sempre estou na minha m\u00e3e com ele.<\/p>\n<p style=\"text-align: justify;\">Enfim, dia 18\/12 a Verinha chegou em casa. Filha de Hector e Charmy (ahahah adorei o nome dos pais dela), Vera Champion Star \u00e9 um belo exemplar de pug (insira uma risada aqui, essa frase \u00e9 uma piada interna). Eu sempre quis ter um cachorrinho da ra\u00e7a pug. A carinha enrugada, o corpinho roli\u00e7o, o sorriso constante deles me fez apaixonar h\u00e1 muito tempo. Todo mundo que me conhece sabe disso.<\/p>\n<p style=\"text-align: justify;\">Sem planejar nada encontrei a filhotinha que eu tanto queria e levei pra casa.<\/p>\n<p style=\"text-align: justify;\">Foi amor a primeira vista. Nossa casa nunca mais foi a mesma.<\/p>\n<p><a href=\"https:\/\/nandabalieiro.com.br\/blog\/2013\/03\/15\/quase-5-meses-de-verinha\/vera\/\" rel=\"attachment wp-att-9860\"><img decoding=\"async\" class=\"aligncenter size-full wp-image-9860\" src=\"https:\/\/nandabalieiro.com.br\/blog\/wp-content\/uploads\/Vera.jpg\" alt=\"Vera\" width=\"600\" height=\"600\" \/><\/a><\/p>\n<p style=\"text-align: justify;\">A Vera \u00e9 uma cachorrinha extremamente carinhosa. Mas ela demonstra seu amor mordendo tudo ahahahah Ela \u00e9 mordedeira. Mas s\u00e3o aquelas mordidas de brincadeira, sabe? O meu raque sabe certinho. E o sof\u00e1, o arm\u00e1rio do banheiro, a caminha dela, todos esses itens conhecem as<strong> mordidas de amor<\/strong> da Vera.<\/p>\n<p style=\"text-align: justify;\">Ela \u00e9 super inteligente. Na primeira semana aprendeu a fazer xixi no tapetinho. O coc\u00f4 n\u00e3o aprendeu ainda, mas com o tempo estamos ensinando. Praticamente dobrou de peso e de tamanho desde que chegou em casa h\u00e1 quase tr\u00eas meses. Fui orientada pela veterin\u00e1ria dela a &#8220;acompanhar&#8221; a alimenta\u00e7\u00e3o ahahah tadinha, vai viver controlando o peso igual a m\u00e3e.<\/p>\n<p style=\"text-align: justify;\">Por falar em m\u00e3e, a Vera tem o meu sangue rs. Se ela falasse, seria igualzinha a mim. Ela entra no meio de todas as conversas. Como se falasse demais. Quer participar de todas as rodas, puxa papo com qualquer um na rua. Tem uma energia que d\u00e1 gosto. AMA passear, aprendeu rapidinho e quando pegamos a coleira a bichinha pega fogo.<\/p>\n<p style=\"text-align: justify;\">Ela tem sono de beb\u00ea e todos os dias, seis e meia da manh\u00e3, quando clareia, ela chora no p\u00e9 da cama. As vezes consigo enrol\u00e1-la, mas no m\u00e1ximo as sete da manh\u00e3 j\u00e1 preciso levantar da cama antes que ela acorde todos os vizinhos rs<\/p>\n<p style=\"text-align: justify;\">Ela \u00e9 companheira, brincalhona e ama o Bruno. Ama mesmo. \u00c9 um amor impressionante. Se ela &#8220;esquece&#8221; que ele t\u00e1 em casa e depois cruza com ele no corredor, faz uma festa como se ele tivesse acabado de chegar. Vai com ele a hora que ele chamar. E ele ama a gachorrinha tamb\u00e9m. Como n\u00e3o amar essa carinha?<\/p>\n<p style=\"text-align: justify;\">Demoramos para ter um c\u00e3ozinho e fizemos a escolha certa. Ela \u00e9 nossa filhinha, nossa companheira. D\u00e1 at\u00e9 mais vontade de ficar em casa agora. Era o complemento que faltava para o nosso lar!<\/p>\n<p>&nbsp;<\/p>\n","protected":false},"excerpt":{"rendered":"<p>Pra quem n\u00e3o sabe em dezembro a Verinha entrou pra fam\u00edlia. Fazia tempo que eu queria um cachorrinho para nosso ap\u00ea. SEMPRE tive cachorros na casa dos meus pais e posso afirmar com certeza que eles s\u00e3o a nossa melhor&#8230;<\/p>\n","protected":false},"author":1,"featured_media":11147,"comment_status":"open","ping_status":"open","sticky":false,"template":"","format":"standard","meta":[],"categories":[16],"tags":[191,173],"_links":{"self":[{"href":"https:\/\/nandabalieiro.com.br\/blog\/wp-json\/wp\/v2\/posts\/9854"}],"collection":[{"href":"https:\/\/nandabalieiro.com.br\/blog\/wp-json\/wp\/v2\/posts"}],"about":[{"href":"https:\/\/nandabalieiro.com.br\/blog\/wp-json\/wp\/v2\/types\/post"}],"author":[{"embeddable":true,"href":"https:\/\/nandabalieiro.com.br\/blog\/wp-json\/wp\/v2\/users\/1"}],"replies":[{"embeddable":true,"href":"https:\/\/nandabalieiro.com.br\/blog\/wp-json\/wp\/v2\/comments?post=9854"}],"version-history":[{"count":16,"href":"https:\/\/nandabalieiro.com.br\/blog\/wp-json\/wp\/v2\/posts\/9854\/revisions"}],"predecessor-version":[{"id":11773,"href":"https:\/\/nandabalieiro.com.br\/blog\/wp-json\/wp\/v2\/posts\/9854\/revisions\/11773"}],"wp:featuredmedia":[{"embeddable":true,"href":"https:\/\/nandabalieiro.com.br\/blog\/wp-json\/wp\/v2\/media\/11147"}],"wp:attachment":[{"href":"https:\/\/nandabalieiro.com.br\/blog\/wp-json\/wp\/v2\/media?parent=9854"}],"wp:term":[{"taxonomy":"category","embeddable":true,"href":"https:\/\/nandabalieiro.com.br\/blog\/wp-json\/wp\/v2\/categories?post=9854"},{"taxonomy":"post_tag","embeddable":true,"href":"https:\/\/nandabalieiro.com.br\/blog\/wp-json\/wp\/v2\/tags?post=9854"}],"curies":[{"name":"wp","href":"https:\/\/api.w.org\/{rel}","templated":true}]}}